{"id":2404,"date":"2026-04-22T17:20:00","date_gmt":"2026-04-22T15:20:00","guid":{"rendered":"https:\/\/acj-alsace.fr\/?p=2404"},"modified":"2026-04-30T17:33:14","modified_gmt":"2026-04-30T15:33:14","slug":"diapason-en-concert-3","status":"publish","type":"post","link":"https:\/\/acj-alsace.fr\/index.php\/2026\/04\/22\/diapason-en-concert-3\/","title":{"rendered":"Diapason en Concert"},"content":{"rendered":"\n<figure class=\"wp-block-image size-medium\"><a href=\"https:\/\/acj-alsace.fr\/wp-content\/uploads\/2026\/04\/Affiche_Concert_Diapason_paix_13-14_06_2026C.pdf\" target=\"_blank\" rel=\" noreferrer noopener\"><img loading=\"lazy\" decoding=\"async\" width=\"240\" height=\"300\" src=\"https:\/\/acj-alsace.fr\/wp-content\/uploads\/2026\/04\/Affiche_Concert_Diapason_paix_13-14_06_2026-240x300.jpg\" alt=\"\" class=\"wp-image-2403\" srcset=\"https:\/\/acj-alsace.fr\/wp-content\/uploads\/2026\/04\/Affiche_Concert_Diapason_paix_13-14_06_2026-240x300.jpg 240w, https:\/\/acj-alsace.fr\/wp-content\/uploads\/2026\/04\/Affiche_Concert_Diapason_paix_13-14_06_2026-819x1024.jpg 819w, https:\/\/acj-alsace.fr\/wp-content\/uploads\/2026\/04\/Affiche_Concert_Diapason_paix_13-14_06_2026-768x960.jpg 768w, https:\/\/acj-alsace.fr\/wp-content\/uploads\/2026\/04\/Affiche_Concert_Diapason_paix_13-14_06_2026-400x500.jpg 400w, https:\/\/acj-alsace.fr\/wp-content\/uploads\/2026\/04\/Affiche_Concert_Diapason_paix_13-14_06_2026.jpg 1080w\" sizes=\"auto, (max-width: 240px) 100vw, 240px\" \/><\/a><\/figure>\n\n\n\n<p>Sous les Directions de <strong>Marie Esposito<\/strong> &amp; <strong>Zivile Schmitt<\/strong>, l&rsquo;ensemble vocal Diapason vous convie \u00e0 leur concert \u00ab\u00a0Chants pour la Paix\u00a0\u00bb.<br>L&rsquo;ensemble sera accompagn\u00e9 par <strong>Marine Moulinot<\/strong> au piano et <strong>J\u00e9r\u00e9my Genty<\/strong> aux percussions.<\/p>\n\n\n\n<ul class=\"wp-block-list\">\n<li>Samedi <strong>13 juin <\/strong>2026 \u00e0 <strong>20h30<\/strong> au Temple protestant \u00e0 <strong>Illkirch<\/strong> (<a href=\"https:\/\/maps.google.com\/maps?z=16&amp;daddr=48.531731N,7.720301E\" target=\"_blank\" rel=\"noreferrer noopener\">Voir localisation<\/a>) (<a href=\"https:\/\/waze.com\/ul?ll=48.531731N,%207.720301E&amp;navigate=yes\" target=\"_blank\" rel=\"noreferrer noopener\">Me laisser guider avec Waze<\/a>)<\/li>\n\n\n\n<li>Dimanche <strong>14 juin<\/strong> 2026 \u00e0 <strong>17h<\/strong> \u00e0 l&rsquo;\u00e9glise de la Paix \u00e0 <strong>Froeschwiller<\/strong> (<a href=\"https:\/\/maps.google.com\/maps?z=16&amp;daddr=48.942478N,7.721993E\" target=\"_blank\" rel=\"noreferrer noopener\">Voir localisation<\/a>) (<a href=\"https:\/\/waze.com\/ul?ll=48.942478N,%207.721993E&amp;navigate=yes\">Me laisser guider pas Waze<\/a>)<\/li>\n<\/ul>\n\n\n\n<p>Entr\u00e9e libre \/ Plateau<\/p>\n\n\n\n<p><\/p>\n","protected":false},"excerpt":{"rendered":"<p>Sous les Directions de Marie Esposito &amp; Zivile Schmitt, l&rsquo;ensemble vocal Diapason vous convie \u00e0 leur concert \u00ab\u00a0Chants pour la Paix\u00a0\u00bb.L&rsquo;ensemble sera accompagn\u00e9 par Marine Moulinot au piano et J\u00e9r\u00e9my Genty aux percussions. Entr\u00e9e libre \/ Plateau<\/p>\n","protected":false},"author":1,"featured_media":2403,"comment_status":"closed","ping_status":"closed","sticky":false,"template":"","format":"standard","meta":{"_acf_changed":false,"footnotes":""},"categories":[7],"tags":[],"class_list":["post-2404","post","type-post","status-publish","format-standard","has-post-thumbnail","hentry","category-concerts"],"acf":[],"_links":{"self":[{"href":"https:\/\/acj-alsace.fr\/index.php\/wp-json\/wp\/v2\/posts\/2404","targetHints":{"allow":["GET"]}}],"collection":[{"href":"https:\/\/acj-alsace.fr\/index.php\/wp-json\/wp\/v2\/posts"}],"about":[{"href":"https:\/\/acj-alsace.fr\/index.php\/wp-json\/wp\/v2\/types\/post"}],"author":[{"embeddable":true,"href":"https:\/\/acj-alsace.fr\/index.php\/wp-json\/wp\/v2\/users\/1"}],"replies":[{"embeddable":true,"href":"https:\/\/acj-alsace.fr\/index.php\/wp-json\/wp\/v2\/comments?post=2404"}],"version-history":[{"count":4,"href":"https:\/\/acj-alsace.fr\/index.php\/wp-json\/wp\/v2\/posts\/2404\/revisions"}],"predecessor-version":[{"id":2413,"href":"https:\/\/acj-alsace.fr\/index.php\/wp-json\/wp\/v2\/posts\/2404\/revisions\/2413"}],"wp:featuredmedia":[{"embeddable":true,"href":"https:\/\/acj-alsace.fr\/index.php\/wp-json\/wp\/v2\/media\/2403"}],"wp:attachment":[{"href":"https:\/\/acj-alsace.fr\/index.php\/wp-json\/wp\/v2\/media?parent=2404"}],"wp:term":[{"taxonomy":"category","embeddable":true,"href":"https:\/\/acj-alsace.fr\/index.php\/wp-json\/wp\/v2\/categories?post=2404"},{"taxonomy":"post_tag","embeddable":true,"href":"https:\/\/acj-alsace.fr\/index.php\/wp-json\/wp\/v2\/tags?post=2404"}],"curies":[{"name":"wp","href":"https:\/\/api.w.org\/{rel}","templated":true}]}}