{"id":1830,"date":"2025-08-30T19:57:56","date_gmt":"2025-08-30T17:57:56","guid":{"rendered":"https:\/\/acj-alsace.fr\/?p=1830"},"modified":"2025-09-04T17:17:26","modified_gmt":"2025-09-04T15:17:26","slug":"lalsace-bien-representee-aux-choralies","status":"publish","type":"post","link":"https:\/\/acj-alsace.fr\/index.php\/2025\/08\/30\/lalsace-bien-representee-aux-choralies\/","title":{"rendered":"L&rsquo;Alsace bien repr\u00e9sent\u00e9e aux Choralies !"},"content":{"rendered":"\n<p>Du 30 juillet au 7 ao\u00fbt 2025, organis\u00e9 par l\u2019association \u00c0 C\u0153ur Joie, s\u2019est d\u00e9roul\u00e9e la 25 -\u00e8me \u00e9dition du festival triennale international de chant choral \u00e0 Vaison la Romaine dans le Vaucluse.<\/p>\n\n\n<div class=\"wp-block-image\">\n<figure data-wp-context=\"{&quot;imageId&quot;:&quot;69ee02df9cc32&quot;}\" data-wp-interactive=\"core\/image\" data-wp-key=\"69ee02df9cc32\" class=\"aligncenter size-medium wp-lightbox-container\"><img loading=\"lazy\" decoding=\"async\" width=\"300\" height=\"225\" data-wp-class--hide=\"state.isContentHidden\" data-wp-class--show=\"state.isContentVisible\" data-wp-init=\"callbacks.setButtonStyles\" data-wp-on--click=\"actions.showLightbox\" data-wp-on--load=\"callbacks.setButtonStyles\" data-wp-on-window--resize=\"callbacks.setButtonStyles\" src=\"https:\/\/acj-alsace.fr\/wp-content\/uploads\/2025\/08\/IMG_20250807_211820R-300x225.jpg\" alt=\"\" class=\"wp-image-1872\" srcset=\"https:\/\/acj-alsace.fr\/wp-content\/uploads\/2025\/08\/IMG_20250807_211820R-300x225.jpg 300w, https:\/\/acj-alsace.fr\/wp-content\/uploads\/2025\/08\/IMG_20250807_211820R-1024x768.jpg 1024w, https:\/\/acj-alsace.fr\/wp-content\/uploads\/2025\/08\/IMG_20250807_211820R-768x576.jpg 768w, https:\/\/acj-alsace.fr\/wp-content\/uploads\/2025\/08\/IMG_20250807_211820R-1536x1152.jpg 1536w, https:\/\/acj-alsace.fr\/wp-content\/uploads\/2025\/08\/IMG_20250807_211820R-500x375.jpg 500w, https:\/\/acj-alsace.fr\/wp-content\/uploads\/2025\/08\/IMG_20250807_211820R.jpg 1600w\" sizes=\"auto, (max-width: 300px) 100vw, 300px\" \/><button\n\t\t\tclass=\"lightbox-trigger\"\n\t\t\ttype=\"button\"\n\t\t\taria-haspopup=\"dialog\"\n\t\t\taria-label=\"Agrandir\"\n\t\t\tdata-wp-init=\"callbacks.initTriggerButton\"\n\t\t\tdata-wp-on--click=\"actions.showLightbox\"\n\t\t\tdata-wp-style--right=\"state.imageButtonRight\"\n\t\t\tdata-wp-style--top=\"state.imageButtonTop\"\n\t\t>\n\t\t\t<svg xmlns=\"http:\/\/www.w3.org\/2000\/svg\" width=\"12\" height=\"12\" fill=\"none\" viewBox=\"0 0 12 12\">\n\t\t\t\t<path fill=\"#fff\" d=\"M2 0a2 2 0 0 0-2 2v2h1.5V2a.5.5 0 0 1 .5-.5h2V0H2Zm2 10.5H2a.5.5 0 0 1-.5-.5V8H0v2a2 2 0 0 0 2 2h2v-1.5ZM8 12v-1.5h2a.5.5 0 0 0 .5-.5V8H12v2a2 2 0 0 1-2 2H8Zm2-12a2 2 0 0 1 2 2v2h-1.5V2a.5.5 0 0 0-.5-.5H8V0h2Z\" \/>\n\t\t\t<\/svg>\n\t\t<\/button><\/figure>\n<\/div>\n\n\n<p><br>Trente-six nationalit\u00e9s \u00e9taient repr\u00e9sent\u00e9es parmi les quelques six mille choristes qui se sont donn\u00e9s rendez-vous pour partager une passion commune qu\u2019est le chant choral.<\/p>\n\n\n\n<p>Cinquante ateliers dirig\u00e9s par des Chefs prestigieux \u00e9taient propos\u00e9s aux festivaliers avec des concert dans toutes la ville les apr\u00e8s-midis et tous les soirs dans le mythique th\u00e9\u00e2tre antique. Le fonctionnement \u00e9tait assur\u00e9 par une \u00e9quipe bien rod\u00e9e aid\u00e9e par quatre cent cinquante b\u00e9n\u00e9voles qui avaient r\u00e9pondu pr\u00e9sents pour \u0153uvrer au bon d\u00e9roulement du festival.<\/p>\n\n\n\n<p>Sous la Direction d\u2019<strong>Antoine Gentner<\/strong>, Quintessence de Strasbourg, renforc\u00e9 par des chanteurs d\u2019autres chorales alsaciennes ont pr\u00e9sent\u00e9 un concert de qualit\u00e9 \u00e0 l\u2019\u00e9glise haute de Vaison la Romaine. L&rsquo;ensemble \u00e9tait accompagn\u00e9 au piano par <strong>Olga Fekete<\/strong>.<br>(Photos : <strong><em>Julien W\u00e9ry<\/em><\/strong>)<\/p>\n\n\n\n<figure class=\"wp-block-gallery has-nested-images columns-default is-cropped wp-block-gallery-1 is-layout-flex wp-block-gallery-is-layout-flex\">\n<figure data-wp-context=\"{&quot;imageId&quot;:&quot;69ee02df9d58e&quot;}\" data-wp-interactive=\"core\/image\" data-wp-key=\"69ee02df9d58e\" class=\"wp-block-image size-large wp-lightbox-container\"><img loading=\"lazy\" decoding=\"async\" width=\"1024\" height=\"683\" data-wp-class--hide=\"state.isContentHidden\" data-wp-class--show=\"state.isContentVisible\" data-wp-init=\"callbacks.setButtonStyles\" data-wp-on--click=\"actions.showLightbox\" data-wp-on--load=\"callbacks.setButtonStyles\" data-wp-on-window--resize=\"callbacks.setButtonStyles\" data-id=\"1845\" src=\"https:\/\/acj-alsace.fr\/wp-content\/uploads\/2025\/08\/Quintescence-6.jpg\" alt=\"\" class=\"wp-image-1845\" srcset=\"https:\/\/acj-alsace.fr\/wp-content\/uploads\/2025\/08\/Quintescence-6.jpg 1024w, https:\/\/acj-alsace.fr\/wp-content\/uploads\/2025\/08\/Quintescence-6-300x200.jpg 300w, https:\/\/acj-alsace.fr\/wp-content\/uploads\/2025\/08\/Quintescence-6-768x512.jpg 768w, https:\/\/acj-alsace.fr\/wp-content\/uploads\/2025\/08\/Quintescence-6-500x333.jpg 500w\" sizes=\"auto, (max-width: 1024px) 100vw, 1024px\" \/><button\n\t\t\tclass=\"lightbox-trigger\"\n\t\t\ttype=\"button\"\n\t\t\taria-haspopup=\"dialog\"\n\t\t\taria-label=\"Agrandir\"\n\t\t\tdata-wp-init=\"callbacks.initTriggerButton\"\n\t\t\tdata-wp-on--click=\"actions.showLightbox\"\n\t\t\tdata-wp-style--right=\"state.imageButtonRight\"\n\t\t\tdata-wp-style--top=\"state.imageButtonTop\"\n\t\t>\n\t\t\t<svg xmlns=\"http:\/\/www.w3.org\/2000\/svg\" width=\"12\" height=\"12\" fill=\"none\" viewBox=\"0 0 12 12\">\n\t\t\t\t<path fill=\"#fff\" d=\"M2 0a2 2 0 0 0-2 2v2h1.5V2a.5.5 0 0 1 .5-.5h2V0H2Zm2 10.5H2a.5.5 0 0 1-.5-.5V8H0v2a2 2 0 0 0 2 2h2v-1.5ZM8 12v-1.5h2a.5.5 0 0 0 .5-.5V8H12v2a2 2 0 0 1-2 2H8Zm2-12a2 2 0 0 1 2 2v2h-1.5V2a.5.5 0 0 0-.5-.5H8V0h2Z\" \/>\n\t\t\t<\/svg>\n\t\t<\/button><\/figure>\n\n\n\n<figure data-wp-context=\"{&quot;imageId&quot;:&quot;69ee02df9dc2f&quot;}\" data-wp-interactive=\"core\/image\" data-wp-key=\"69ee02df9dc2f\" class=\"wp-block-image size-large wp-lightbox-container\"><img loading=\"lazy\" decoding=\"async\" width=\"1024\" height=\"683\" data-wp-class--hide=\"state.isContentHidden\" data-wp-class--show=\"state.isContentVisible\" data-wp-init=\"callbacks.setButtonStyles\" data-wp-on--click=\"actions.showLightbox\" data-wp-on--load=\"callbacks.setButtonStyles\" data-wp-on-window--resize=\"callbacks.setButtonStyles\" data-id=\"1844\" src=\"https:\/\/acj-alsace.fr\/wp-content\/uploads\/2025\/08\/Quintescence-3.jpg\" alt=\"\" class=\"wp-image-1844\" srcset=\"https:\/\/acj-alsace.fr\/wp-content\/uploads\/2025\/08\/Quintescence-3.jpg 1024w, https:\/\/acj-alsace.fr\/wp-content\/uploads\/2025\/08\/Quintescence-3-300x200.jpg 300w, https:\/\/acj-alsace.fr\/wp-content\/uploads\/2025\/08\/Quintescence-3-768x512.jpg 768w, https:\/\/acj-alsace.fr\/wp-content\/uploads\/2025\/08\/Quintescence-3-500x333.jpg 500w\" sizes=\"auto, (max-width: 1024px) 100vw, 1024px\" \/><button\n\t\t\tclass=\"lightbox-trigger\"\n\t\t\ttype=\"button\"\n\t\t\taria-haspopup=\"dialog\"\n\t\t\taria-label=\"Agrandir\"\n\t\t\tdata-wp-init=\"callbacks.initTriggerButton\"\n\t\t\tdata-wp-on--click=\"actions.showLightbox\"\n\t\t\tdata-wp-style--right=\"state.imageButtonRight\"\n\t\t\tdata-wp-style--top=\"state.imageButtonTop\"\n\t\t>\n\t\t\t<svg xmlns=\"http:\/\/www.w3.org\/2000\/svg\" width=\"12\" height=\"12\" fill=\"none\" viewBox=\"0 0 12 12\">\n\t\t\t\t<path fill=\"#fff\" d=\"M2 0a2 2 0 0 0-2 2v2h1.5V2a.5.5 0 0 1 .5-.5h2V0H2Zm2 10.5H2a.5.5 0 0 1-.5-.5V8H0v2a2 2 0 0 0 2 2h2v-1.5ZM8 12v-1.5h2a.5.5 0 0 0 .5-.5V8H12v2a2 2 0 0 1-2 2H8Zm2-12a2 2 0 0 1 2 2v2h-1.5V2a.5.5 0 0 0-.5-.5H8V0h2Z\" \/>\n\t\t\t<\/svg>\n\t\t<\/button><\/figure>\n\n\n\n<figure data-wp-context=\"{&quot;imageId&quot;:&quot;69ee02df9e2ad&quot;}\" data-wp-interactive=\"core\/image\" data-wp-key=\"69ee02df9e2ad\" class=\"wp-block-image size-large wp-lightbox-container\"><img loading=\"lazy\" decoding=\"async\" width=\"1024\" height=\"683\" data-wp-class--hide=\"state.isContentHidden\" data-wp-class--show=\"state.isContentVisible\" data-wp-init=\"callbacks.setButtonStyles\" data-wp-on--click=\"actions.showLightbox\" data-wp-on--load=\"callbacks.setButtonStyles\" data-wp-on-window--resize=\"callbacks.setButtonStyles\" data-id=\"1843\" src=\"https:\/\/acj-alsace.fr\/wp-content\/uploads\/2025\/08\/Quintescence-1.jpg\" alt=\"\" class=\"wp-image-1843\" srcset=\"https:\/\/acj-alsace.fr\/wp-content\/uploads\/2025\/08\/Quintescence-1.jpg 1024w, https:\/\/acj-alsace.fr\/wp-content\/uploads\/2025\/08\/Quintescence-1-300x200.jpg 300w, https:\/\/acj-alsace.fr\/wp-content\/uploads\/2025\/08\/Quintescence-1-768x512.jpg 768w, https:\/\/acj-alsace.fr\/wp-content\/uploads\/2025\/08\/Quintescence-1-500x333.jpg 500w\" sizes=\"auto, (max-width: 1024px) 100vw, 1024px\" \/><button\n\t\t\tclass=\"lightbox-trigger\"\n\t\t\ttype=\"button\"\n\t\t\taria-haspopup=\"dialog\"\n\t\t\taria-label=\"Agrandir\"\n\t\t\tdata-wp-init=\"callbacks.initTriggerButton\"\n\t\t\tdata-wp-on--click=\"actions.showLightbox\"\n\t\t\tdata-wp-style--right=\"state.imageButtonRight\"\n\t\t\tdata-wp-style--top=\"state.imageButtonTop\"\n\t\t>\n\t\t\t<svg xmlns=\"http:\/\/www.w3.org\/2000\/svg\" width=\"12\" height=\"12\" fill=\"none\" viewBox=\"0 0 12 12\">\n\t\t\t\t<path fill=\"#fff\" d=\"M2 0a2 2 0 0 0-2 2v2h1.5V2a.5.5 0 0 1 .5-.5h2V0H2Zm2 10.5H2a.5.5 0 0 1-.5-.5V8H0v2a2 2 0 0 0 2 2h2v-1.5ZM8 12v-1.5h2a.5.5 0 0 0 .5-.5V8H12v2a2 2 0 0 1-2 2H8Zm2-12a2 2 0 0 1 2 2v2h-1.5V2a.5.5 0 0 0-.5-.5H8V0h2Z\" \/>\n\t\t\t<\/svg>\n\t\t<\/button><\/figure>\n\n\n\n<figure data-wp-context=\"{&quot;imageId&quot;:&quot;69ee02df9e92c&quot;}\" data-wp-interactive=\"core\/image\" data-wp-key=\"69ee02df9e92c\" class=\"wp-block-image size-large wp-lightbox-container\"><img loading=\"lazy\" decoding=\"async\" width=\"1024\" height=\"683\" data-wp-class--hide=\"state.isContentHidden\" data-wp-class--show=\"state.isContentVisible\" data-wp-init=\"callbacks.setButtonStyles\" data-wp-on--click=\"actions.showLightbox\" data-wp-on--load=\"callbacks.setButtonStyles\" data-wp-on-window--resize=\"callbacks.setButtonStyles\" data-id=\"1880\" src=\"https:\/\/acj-alsace.fr\/wp-content\/uploads\/2025\/08\/Quintescence-17-1024x683.jpg\" alt=\"\" class=\"wp-image-1880\" srcset=\"https:\/\/acj-alsace.fr\/wp-content\/uploads\/2025\/08\/Quintescence-17-1024x683.jpg 1024w, https:\/\/acj-alsace.fr\/wp-content\/uploads\/2025\/08\/Quintescence-17-300x200.jpg 300w, https:\/\/acj-alsace.fr\/wp-content\/uploads\/2025\/08\/Quintescence-17-768x512.jpg 768w, https:\/\/acj-alsace.fr\/wp-content\/uploads\/2025\/08\/Quintescence-17-1536x1024.jpg 1536w, https:\/\/acj-alsace.fr\/wp-content\/uploads\/2025\/08\/Quintescence-17-500x333.jpg 500w, https:\/\/acj-alsace.fr\/wp-content\/uploads\/2025\/08\/Quintescence-17.jpg 1600w\" sizes=\"auto, (max-width: 1024px) 100vw, 1024px\" \/><button\n\t\t\tclass=\"lightbox-trigger\"\n\t\t\ttype=\"button\"\n\t\t\taria-haspopup=\"dialog\"\n\t\t\taria-label=\"Agrandir\"\n\t\t\tdata-wp-init=\"callbacks.initTriggerButton\"\n\t\t\tdata-wp-on--click=\"actions.showLightbox\"\n\t\t\tdata-wp-style--right=\"state.imageButtonRight\"\n\t\t\tdata-wp-style--top=\"state.imageButtonTop\"\n\t\t>\n\t\t\t<svg xmlns=\"http:\/\/www.w3.org\/2000\/svg\" width=\"12\" height=\"12\" fill=\"none\" viewBox=\"0 0 12 12\">\n\t\t\t\t<path fill=\"#fff\" d=\"M2 0a2 2 0 0 0-2 2v2h1.5V2a.5.5 0 0 1 .5-.5h2V0H2Zm2 10.5H2a.5.5 0 0 1-.5-.5V8H0v2a2 2 0 0 0 2 2h2v-1.5ZM8 12v-1.5h2a.5.5 0 0 0 .5-.5V8H12v2a2 2 0 0 1-2 2H8Zm2-12a2 2 0 0 1 2 2v2h-1.5V2a.5.5 0 0 0-.5-.5H8V0h2Z\" \/>\n\t\t\t<\/svg>\n\t\t<\/button><\/figure>\n\n\n\n<figure data-wp-context=\"{&quot;imageId&quot;:&quot;69ee02df9efdf&quot;}\" data-wp-interactive=\"core\/image\" data-wp-key=\"69ee02df9efdf\" class=\"wp-block-image size-large wp-lightbox-container\"><img loading=\"lazy\" decoding=\"async\" width=\"1024\" height=\"683\" data-wp-class--hide=\"state.isContentHidden\" data-wp-class--show=\"state.isContentVisible\" data-wp-init=\"callbacks.setButtonStyles\" data-wp-on--click=\"actions.showLightbox\" data-wp-on--load=\"callbacks.setButtonStyles\" data-wp-on-window--resize=\"callbacks.setButtonStyles\" data-id=\"1879\" src=\"https:\/\/acj-alsace.fr\/wp-content\/uploads\/2025\/08\/Quintescence-4-1024x683.jpg\" alt=\"\" class=\"wp-image-1879\" srcset=\"https:\/\/acj-alsace.fr\/wp-content\/uploads\/2025\/08\/Quintescence-4-1024x683.jpg 1024w, https:\/\/acj-alsace.fr\/wp-content\/uploads\/2025\/08\/Quintescence-4-300x200.jpg 300w, https:\/\/acj-alsace.fr\/wp-content\/uploads\/2025\/08\/Quintescence-4-768x512.jpg 768w, https:\/\/acj-alsace.fr\/wp-content\/uploads\/2025\/08\/Quintescence-4-1536x1024.jpg 1536w, https:\/\/acj-alsace.fr\/wp-content\/uploads\/2025\/08\/Quintescence-4-500x333.jpg 500w, https:\/\/acj-alsace.fr\/wp-content\/uploads\/2025\/08\/Quintescence-4.jpg 1600w\" sizes=\"auto, (max-width: 1024px) 100vw, 1024px\" \/><button\n\t\t\tclass=\"lightbox-trigger\"\n\t\t\ttype=\"button\"\n\t\t\taria-haspopup=\"dialog\"\n\t\t\taria-label=\"Agrandir\"\n\t\t\tdata-wp-init=\"callbacks.initTriggerButton\"\n\t\t\tdata-wp-on--click=\"actions.showLightbox\"\n\t\t\tdata-wp-style--right=\"state.imageButtonRight\"\n\t\t\tdata-wp-style--top=\"state.imageButtonTop\"\n\t\t>\n\t\t\t<svg xmlns=\"http:\/\/www.w3.org\/2000\/svg\" width=\"12\" height=\"12\" fill=\"none\" viewBox=\"0 0 12 12\">\n\t\t\t\t<path fill=\"#fff\" d=\"M2 0a2 2 0 0 0-2 2v2h1.5V2a.5.5 0 0 1 .5-.5h2V0H2Zm2 10.5H2a.5.5 0 0 1-.5-.5V8H0v2a2 2 0 0 0 2 2h2v-1.5ZM8 12v-1.5h2a.5.5 0 0 0 .5-.5V8H12v2a2 2 0 0 1-2 2H8Zm2-12a2 2 0 0 1 2 2v2h-1.5V2a.5.5 0 0 0-.5-.5H8V0h2Z\" \/>\n\t\t\t<\/svg>\n\t\t<\/button><\/figure>\n\n\n\n<figure data-wp-context=\"{&quot;imageId&quot;:&quot;69ee02df9f67e&quot;}\" data-wp-interactive=\"core\/image\" data-wp-key=\"69ee02df9f67e\" class=\"wp-block-image size-large wp-lightbox-container\"><img loading=\"lazy\" decoding=\"async\" width=\"1024\" height=\"683\" data-wp-class--hide=\"state.isContentHidden\" data-wp-class--show=\"state.isContentVisible\" data-wp-init=\"callbacks.setButtonStyles\" data-wp-on--click=\"actions.showLightbox\" data-wp-on--load=\"callbacks.setButtonStyles\" data-wp-on-window--resize=\"callbacks.setButtonStyles\" data-id=\"1878\" src=\"https:\/\/acj-alsace.fr\/wp-content\/uploads\/2025\/08\/Quintescence-5-1024x683.jpg\" alt=\"\" class=\"wp-image-1878\" srcset=\"https:\/\/acj-alsace.fr\/wp-content\/uploads\/2025\/08\/Quintescence-5-1024x683.jpg 1024w, https:\/\/acj-alsace.fr\/wp-content\/uploads\/2025\/08\/Quintescence-5-300x200.jpg 300w, https:\/\/acj-alsace.fr\/wp-content\/uploads\/2025\/08\/Quintescence-5-768x512.jpg 768w, https:\/\/acj-alsace.fr\/wp-content\/uploads\/2025\/08\/Quintescence-5-1536x1024.jpg 1536w, https:\/\/acj-alsace.fr\/wp-content\/uploads\/2025\/08\/Quintescence-5-500x333.jpg 500w, https:\/\/acj-alsace.fr\/wp-content\/uploads\/2025\/08\/Quintescence-5.jpg 1600w\" sizes=\"auto, (max-width: 1024px) 100vw, 1024px\" \/><button\n\t\t\tclass=\"lightbox-trigger\"\n\t\t\ttype=\"button\"\n\t\t\taria-haspopup=\"dialog\"\n\t\t\taria-label=\"Agrandir\"\n\t\t\tdata-wp-init=\"callbacks.initTriggerButton\"\n\t\t\tdata-wp-on--click=\"actions.showLightbox\"\n\t\t\tdata-wp-style--right=\"state.imageButtonRight\"\n\t\t\tdata-wp-style--top=\"state.imageButtonTop\"\n\t\t>\n\t\t\t<svg xmlns=\"http:\/\/www.w3.org\/2000\/svg\" width=\"12\" height=\"12\" fill=\"none\" viewBox=\"0 0 12 12\">\n\t\t\t\t<path fill=\"#fff\" d=\"M2 0a2 2 0 0 0-2 2v2h1.5V2a.5.5 0 0 1 .5-.5h2V0H2Zm2 10.5H2a.5.5 0 0 1-.5-.5V8H0v2a2 2 0 0 0 2 2h2v-1.5ZM8 12v-1.5h2a.5.5 0 0 0 .5-.5V8H12v2a2 2 0 0 1-2 2H8Zm2-12a2 2 0 0 1 2 2v2h-1.5V2a.5.5 0 0 0-.5-.5H8V0h2Z\" \/>\n\t\t\t<\/svg>\n\t\t<\/button><\/figure>\n\n\n\n<figure data-wp-context=\"{&quot;imageId&quot;:&quot;69ee02df9fd1f&quot;}\" data-wp-interactive=\"core\/image\" data-wp-key=\"69ee02df9fd1f\" class=\"wp-block-image size-large wp-lightbox-container\"><img loading=\"lazy\" decoding=\"async\" width=\"1024\" height=\"683\" data-wp-class--hide=\"state.isContentHidden\" data-wp-class--show=\"state.isContentVisible\" data-wp-init=\"callbacks.setButtonStyles\" data-wp-on--click=\"actions.showLightbox\" data-wp-on--load=\"callbacks.setButtonStyles\" data-wp-on-window--resize=\"callbacks.setButtonStyles\" data-id=\"1877\" src=\"https:\/\/acj-alsace.fr\/wp-content\/uploads\/2025\/08\/Quintescence-2-1-1024x683.jpg\" alt=\"\" class=\"wp-image-1877\" srcset=\"https:\/\/acj-alsace.fr\/wp-content\/uploads\/2025\/08\/Quintescence-2-1-1024x683.jpg 1024w, https:\/\/acj-alsace.fr\/wp-content\/uploads\/2025\/08\/Quintescence-2-1-300x200.jpg 300w, https:\/\/acj-alsace.fr\/wp-content\/uploads\/2025\/08\/Quintescence-2-1-768x512.jpg 768w, https:\/\/acj-alsace.fr\/wp-content\/uploads\/2025\/08\/Quintescence-2-1-1536x1024.jpg 1536w, https:\/\/acj-alsace.fr\/wp-content\/uploads\/2025\/08\/Quintescence-2-1-500x333.jpg 500w, https:\/\/acj-alsace.fr\/wp-content\/uploads\/2025\/08\/Quintescence-2-1.jpg 1600w\" sizes=\"auto, (max-width: 1024px) 100vw, 1024px\" \/><button\n\t\t\tclass=\"lightbox-trigger\"\n\t\t\ttype=\"button\"\n\t\t\taria-haspopup=\"dialog\"\n\t\t\taria-label=\"Agrandir\"\n\t\t\tdata-wp-init=\"callbacks.initTriggerButton\"\n\t\t\tdata-wp-on--click=\"actions.showLightbox\"\n\t\t\tdata-wp-style--right=\"state.imageButtonRight\"\n\t\t\tdata-wp-style--top=\"state.imageButtonTop\"\n\t\t>\n\t\t\t<svg xmlns=\"http:\/\/www.w3.org\/2000\/svg\" width=\"12\" height=\"12\" fill=\"none\" viewBox=\"0 0 12 12\">\n\t\t\t\t<path fill=\"#fff\" d=\"M2 0a2 2 0 0 0-2 2v2h1.5V2a.5.5 0 0 1 .5-.5h2V0H2Zm2 10.5H2a.5.5 0 0 1-.5-.5V8H0v2a2 2 0 0 0 2 2h2v-1.5ZM8 12v-1.5h2a.5.5 0 0 0 .5-.5V8H12v2a2 2 0 0 1-2 2H8Zm2-12a2 2 0 0 1 2 2v2h-1.5V2a.5.5 0 0 0-.5-.5H8V0h2Z\" \/>\n\t\t\t<\/svg>\n\t\t<\/button><\/figure>\n\n\n\n<figure data-wp-context=\"{&quot;imageId&quot;:&quot;69ee02dfa03a0&quot;}\" data-wp-interactive=\"core\/image\" data-wp-key=\"69ee02dfa03a0\" class=\"wp-block-image size-large wp-lightbox-container\"><img loading=\"lazy\" decoding=\"async\" width=\"1024\" height=\"683\" data-wp-class--hide=\"state.isContentHidden\" data-wp-class--show=\"state.isContentVisible\" data-wp-init=\"callbacks.setButtonStyles\" data-wp-on--click=\"actions.showLightbox\" data-wp-on--load=\"callbacks.setButtonStyles\" data-wp-on-window--resize=\"callbacks.setButtonStyles\" data-id=\"1875\" src=\"https:\/\/acj-alsace.fr\/wp-content\/uploads\/2025\/08\/Quintescence-7-1024x683.jpg\" alt=\"\" class=\"wp-image-1875\" srcset=\"https:\/\/acj-alsace.fr\/wp-content\/uploads\/2025\/08\/Quintescence-7-1024x683.jpg 1024w, https:\/\/acj-alsace.fr\/wp-content\/uploads\/2025\/08\/Quintescence-7-300x200.jpg 300w, https:\/\/acj-alsace.fr\/wp-content\/uploads\/2025\/08\/Quintescence-7-768x512.jpg 768w, https:\/\/acj-alsace.fr\/wp-content\/uploads\/2025\/08\/Quintescence-7-1536x1024.jpg 1536w, https:\/\/acj-alsace.fr\/wp-content\/uploads\/2025\/08\/Quintescence-7-500x333.jpg 500w, https:\/\/acj-alsace.fr\/wp-content\/uploads\/2025\/08\/Quintescence-7.jpg 1600w\" sizes=\"auto, (max-width: 1024px) 100vw, 1024px\" \/><button\n\t\t\tclass=\"lightbox-trigger\"\n\t\t\ttype=\"button\"\n\t\t\taria-haspopup=\"dialog\"\n\t\t\taria-label=\"Agrandir\"\n\t\t\tdata-wp-init=\"callbacks.initTriggerButton\"\n\t\t\tdata-wp-on--click=\"actions.showLightbox\"\n\t\t\tdata-wp-style--right=\"state.imageButtonRight\"\n\t\t\tdata-wp-style--top=\"state.imageButtonTop\"\n\t\t>\n\t\t\t<svg xmlns=\"http:\/\/www.w3.org\/2000\/svg\" width=\"12\" height=\"12\" fill=\"none\" viewBox=\"0 0 12 12\">\n\t\t\t\t<path fill=\"#fff\" d=\"M2 0a2 2 0 0 0-2 2v2h1.5V2a.5.5 0 0 1 .5-.5h2V0H2Zm2 10.5H2a.5.5 0 0 1-.5-.5V8H0v2a2 2 0 0 0 2 2h2v-1.5ZM8 12v-1.5h2a.5.5 0 0 0 .5-.5V8H12v2a2 2 0 0 1-2 2H8Zm2-12a2 2 0 0 1 2 2v2h-1.5V2a.5.5 0 0 0-.5-.5H8V0h2Z\" \/>\n\t\t\t<\/svg>\n\t\t<\/button><\/figure>\n\n\n\n<figure data-wp-context=\"{&quot;imageId&quot;:&quot;69ee02dfa0a45&quot;}\" data-wp-interactive=\"core\/image\" data-wp-key=\"69ee02dfa0a45\" class=\"wp-block-image size-large wp-lightbox-container\"><img loading=\"lazy\" decoding=\"async\" width=\"1024\" height=\"683\" data-wp-class--hide=\"state.isContentHidden\" data-wp-class--show=\"state.isContentVisible\" data-wp-init=\"callbacks.setButtonStyles\" data-wp-on--click=\"actions.showLightbox\" data-wp-on--load=\"callbacks.setButtonStyles\" data-wp-on-window--resize=\"callbacks.setButtonStyles\" data-id=\"1876\" src=\"https:\/\/acj-alsace.fr\/wp-content\/uploads\/2025\/08\/Quintescence-1-1-1024x683.jpg\" alt=\"\" class=\"wp-image-1876\" srcset=\"https:\/\/acj-alsace.fr\/wp-content\/uploads\/2025\/08\/Quintescence-1-1-1024x683.jpg 1024w, https:\/\/acj-alsace.fr\/wp-content\/uploads\/2025\/08\/Quintescence-1-1-300x200.jpg 300w, https:\/\/acj-alsace.fr\/wp-content\/uploads\/2025\/08\/Quintescence-1-1-768x512.jpg 768w, https:\/\/acj-alsace.fr\/wp-content\/uploads\/2025\/08\/Quintescence-1-1-1536x1024.jpg 1536w, https:\/\/acj-alsace.fr\/wp-content\/uploads\/2025\/08\/Quintescence-1-1-500x333.jpg 500w, https:\/\/acj-alsace.fr\/wp-content\/uploads\/2025\/08\/Quintescence-1-1.jpg 1600w\" sizes=\"auto, (max-width: 1024px) 100vw, 1024px\" \/><button\n\t\t\tclass=\"lightbox-trigger\"\n\t\t\ttype=\"button\"\n\t\t\taria-haspopup=\"dialog\"\n\t\t\taria-label=\"Agrandir\"\n\t\t\tdata-wp-init=\"callbacks.initTriggerButton\"\n\t\t\tdata-wp-on--click=\"actions.showLightbox\"\n\t\t\tdata-wp-style--right=\"state.imageButtonRight\"\n\t\t\tdata-wp-style--top=\"state.imageButtonTop\"\n\t\t>\n\t\t\t<svg xmlns=\"http:\/\/www.w3.org\/2000\/svg\" width=\"12\" height=\"12\" fill=\"none\" viewBox=\"0 0 12 12\">\n\t\t\t\t<path fill=\"#fff\" d=\"M2 0a2 2 0 0 0-2 2v2h1.5V2a.5.5 0 0 1 .5-.5h2V0H2Zm2 10.5H2a.5.5 0 0 1-.5-.5V8H0v2a2 2 0 0 0 2 2h2v-1.5ZM8 12v-1.5h2a.5.5 0 0 0 .5-.5V8H12v2a2 2 0 0 1-2 2H8Zm2-12a2 2 0 0 1 2 2v2h-1.5V2a.5.5 0 0 0-.5-.5H8V0h2Z\" \/>\n\t\t\t<\/svg>\n\t\t<\/button><\/figure>\n<\/figure>\n\n\n\n<p>Au total, c\u2019est quatre-vingt-quatre choristes qui ont particip\u00e9 \u00e0 diff\u00e9rents ateliers propos\u00e9s lors de ce festival dont un petit groupe de la chorale Invent\u2019Airs de Rixheim.<\/p>\n\n\n\n<p>La plus grande surprise fut de d\u00e9couvrir parmi les deux fran\u00e7aises du prestigieux \u00ab&nbsp;<a href=\"https:\/\/www.worldyouthchoir.org\/\" target=\"_blank\" rel=\"noreferrer noopener\">World Youth Choir&nbsp;<\/a>\u00bb une jeune fille v\u00eatue de notre traditionnel costume alsacien.<br>(Photos : <strong><em>Delphine Barbier Baritaux<\/em><\/strong>)<\/p>\n\n\n\n<figure class=\"wp-block-gallery has-nested-images columns-default is-cropped is-style-rounded wp-block-gallery-2 is-layout-flex wp-block-gallery-is-layout-flex\">\n<figure data-wp-context=\"{&quot;imageId&quot;:&quot;69ee02dfa21c8&quot;}\" data-wp-interactive=\"core\/image\" data-wp-key=\"69ee02dfa21c8\" class=\"wp-block-image size-large wp-lightbox-container\"><img loading=\"lazy\" decoding=\"async\" width=\"1024\" height=\"683\" data-wp-class--hide=\"state.isContentHidden\" data-wp-class--show=\"state.isContentVisible\" data-wp-init=\"callbacks.setButtonStyles\" data-wp-on--click=\"actions.showLightbox\" data-wp-on--load=\"callbacks.setButtonStyles\" data-wp-on-window--resize=\"callbacks.setButtonStyles\" data-id=\"1837\" src=\"https:\/\/acj-alsace.fr\/wp-content\/uploads\/2025\/08\/81A2218-2-1024x683.jpg\" alt=\"\" class=\"wp-image-1837\" srcset=\"https:\/\/acj-alsace.fr\/wp-content\/uploads\/2025\/08\/81A2218-2-1024x683.jpg 1024w, https:\/\/acj-alsace.fr\/wp-content\/uploads\/2025\/08\/81A2218-2-300x200.jpg 300w, https:\/\/acj-alsace.fr\/wp-content\/uploads\/2025\/08\/81A2218-2-768x512.jpg 768w, https:\/\/acj-alsace.fr\/wp-content\/uploads\/2025\/08\/81A2218-2-1536x1024.jpg 1536w, https:\/\/acj-alsace.fr\/wp-content\/uploads\/2025\/08\/81A2218-2-2048x1365.jpg 2048w\" sizes=\"auto, (max-width: 1024px) 100vw, 1024px\" \/><button\n\t\t\tclass=\"lightbox-trigger\"\n\t\t\ttype=\"button\"\n\t\t\taria-haspopup=\"dialog\"\n\t\t\taria-label=\"Agrandir\"\n\t\t\tdata-wp-init=\"callbacks.initTriggerButton\"\n\t\t\tdata-wp-on--click=\"actions.showLightbox\"\n\t\t\tdata-wp-style--right=\"state.imageButtonRight\"\n\t\t\tdata-wp-style--top=\"state.imageButtonTop\"\n\t\t>\n\t\t\t<svg xmlns=\"http:\/\/www.w3.org\/2000\/svg\" width=\"12\" height=\"12\" fill=\"none\" viewBox=\"0 0 12 12\">\n\t\t\t\t<path fill=\"#fff\" d=\"M2 0a2 2 0 0 0-2 2v2h1.5V2a.5.5 0 0 1 .5-.5h2V0H2Zm2 10.5H2a.5.5 0 0 1-.5-.5V8H0v2a2 2 0 0 0 2 2h2v-1.5ZM8 12v-1.5h2a.5.5 0 0 0 .5-.5V8H12v2a2 2 0 0 1-2 2H8Zm2-12a2 2 0 0 1 2 2v2h-1.5V2a.5.5 0 0 0-.5-.5H8V0h2Z\" \/>\n\t\t\t<\/svg>\n\t\t<\/button><\/figure>\n\n\n\n<figure data-wp-context=\"{&quot;imageId&quot;:&quot;69ee02dfa2848&quot;}\" data-wp-interactive=\"core\/image\" data-wp-key=\"69ee02dfa2848\" class=\"wp-block-image size-large wp-lightbox-container\"><img loading=\"lazy\" decoding=\"async\" width=\"1024\" height=\"683\" data-wp-class--hide=\"state.isContentHidden\" data-wp-class--show=\"state.isContentVisible\" data-wp-init=\"callbacks.setButtonStyles\" data-wp-on--click=\"actions.showLightbox\" data-wp-on--load=\"callbacks.setButtonStyles\" data-wp-on-window--resize=\"callbacks.setButtonStyles\" data-id=\"1846\" src=\"https:\/\/acj-alsace.fr\/wp-content\/uploads\/2025\/08\/81A2271-1024x683.jpg\" alt=\"\" class=\"wp-image-1846\" srcset=\"https:\/\/acj-alsace.fr\/wp-content\/uploads\/2025\/08\/81A2271-1024x683.jpg 1024w, https:\/\/acj-alsace.fr\/wp-content\/uploads\/2025\/08\/81A2271-300x200.jpg 300w, https:\/\/acj-alsace.fr\/wp-content\/uploads\/2025\/08\/81A2271-768x512.jpg 768w, https:\/\/acj-alsace.fr\/wp-content\/uploads\/2025\/08\/81A2271-1536x1024.jpg 1536w, https:\/\/acj-alsace.fr\/wp-content\/uploads\/2025\/08\/81A2271-2048x1366.jpg 2048w\" sizes=\"auto, (max-width: 1024px) 100vw, 1024px\" \/><button\n\t\t\tclass=\"lightbox-trigger\"\n\t\t\ttype=\"button\"\n\t\t\taria-haspopup=\"dialog\"\n\t\t\taria-label=\"Agrandir\"\n\t\t\tdata-wp-init=\"callbacks.initTriggerButton\"\n\t\t\tdata-wp-on--click=\"actions.showLightbox\"\n\t\t\tdata-wp-style--right=\"state.imageButtonRight\"\n\t\t\tdata-wp-style--top=\"state.imageButtonTop\"\n\t\t>\n\t\t\t<svg xmlns=\"http:\/\/www.w3.org\/2000\/svg\" width=\"12\" height=\"12\" fill=\"none\" viewBox=\"0 0 12 12\">\n\t\t\t\t<path fill=\"#fff\" d=\"M2 0a2 2 0 0 0-2 2v2h1.5V2a.5.5 0 0 1 .5-.5h2V0H2Zm2 10.5H2a.5.5 0 0 1-.5-.5V8H0v2a2 2 0 0 0 2 2h2v-1.5ZM8 12v-1.5h2a.5.5 0 0 0 .5-.5V8H12v2a2 2 0 0 1-2 2H8Zm2-12a2 2 0 0 1 2 2v2h-1.5V2a.5.5 0 0 0-.5-.5H8V0h2Z\" \/>\n\t\t\t<\/svg>\n\t\t<\/button><\/figure>\n\n\n\n<figure data-wp-context=\"{&quot;imageId&quot;:&quot;69ee02dfa2ee4&quot;}\" data-wp-interactive=\"core\/image\" data-wp-key=\"69ee02dfa2ee4\" class=\"wp-block-image size-large wp-lightbox-container\"><img loading=\"lazy\" decoding=\"async\" width=\"1024\" height=\"683\" data-wp-class--hide=\"state.isContentHidden\" data-wp-class--show=\"state.isContentVisible\" data-wp-init=\"callbacks.setButtonStyles\" data-wp-on--click=\"actions.showLightbox\" data-wp-on--load=\"callbacks.setButtonStyles\" data-wp-on-window--resize=\"callbacks.setButtonStyles\" data-id=\"1842\" src=\"https:\/\/acj-alsace.fr\/wp-content\/uploads\/2025\/08\/81A2237-1024x683.jpg\" alt=\"\" class=\"wp-image-1842\" srcset=\"https:\/\/acj-alsace.fr\/wp-content\/uploads\/2025\/08\/81A2237-1024x683.jpg 1024w, https:\/\/acj-alsace.fr\/wp-content\/uploads\/2025\/08\/81A2237-300x200.jpg 300w, https:\/\/acj-alsace.fr\/wp-content\/uploads\/2025\/08\/81A2237-768x512.jpg 768w, https:\/\/acj-alsace.fr\/wp-content\/uploads\/2025\/08\/81A2237-1536x1024.jpg 1536w, https:\/\/acj-alsace.fr\/wp-content\/uploads\/2025\/08\/81A2237-2048x1366.jpg 2048w, https:\/\/acj-alsace.fr\/wp-content\/uploads\/2025\/08\/81A2237-500x333.jpg 500w\" sizes=\"auto, (max-width: 1024px) 100vw, 1024px\" \/><button\n\t\t\tclass=\"lightbox-trigger\"\n\t\t\ttype=\"button\"\n\t\t\taria-haspopup=\"dialog\"\n\t\t\taria-label=\"Agrandir\"\n\t\t\tdata-wp-init=\"callbacks.initTriggerButton\"\n\t\t\tdata-wp-on--click=\"actions.showLightbox\"\n\t\t\tdata-wp-style--right=\"state.imageButtonRight\"\n\t\t\tdata-wp-style--top=\"state.imageButtonTop\"\n\t\t>\n\t\t\t<svg xmlns=\"http:\/\/www.w3.org\/2000\/svg\" width=\"12\" height=\"12\" fill=\"none\" viewBox=\"0 0 12 12\">\n\t\t\t\t<path fill=\"#fff\" d=\"M2 0a2 2 0 0 0-2 2v2h1.5V2a.5.5 0 0 1 .5-.5h2V0H2Zm2 10.5H2a.5.5 0 0 1-.5-.5V8H0v2a2 2 0 0 0 2 2h2v-1.5ZM8 12v-1.5h2a.5.5 0 0 0 .5-.5V8H12v2a2 2 0 0 1-2 2H8Zm2-12a2 2 0 0 1 2 2v2h-1.5V2a.5.5 0 0 0-.5-.5H8V0h2Z\" \/>\n\t\t\t<\/svg>\n\t\t<\/button><\/figure>\n\n\n\n<figure data-wp-context=\"{&quot;imageId&quot;:&quot;69ee02dfa355b&quot;}\" data-wp-interactive=\"core\/image\" data-wp-key=\"69ee02dfa355b\" class=\"wp-block-image size-large wp-lightbox-container\"><img loading=\"lazy\" decoding=\"async\" width=\"1024\" height=\"683\" data-wp-class--hide=\"state.isContentHidden\" data-wp-class--show=\"state.isContentVisible\" data-wp-init=\"callbacks.setButtonStyles\" data-wp-on--click=\"actions.showLightbox\" data-wp-on--load=\"callbacks.setButtonStyles\" data-wp-on-window--resize=\"callbacks.setButtonStyles\" data-id=\"1838\" src=\"https:\/\/acj-alsace.fr\/wp-content\/uploads\/2025\/08\/81A2220-1-1024x683.jpg\" alt=\"\" class=\"wp-image-1838\" srcset=\"https:\/\/acj-alsace.fr\/wp-content\/uploads\/2025\/08\/81A2220-1-1024x683.jpg 1024w, https:\/\/acj-alsace.fr\/wp-content\/uploads\/2025\/08\/81A2220-1-300x200.jpg 300w, https:\/\/acj-alsace.fr\/wp-content\/uploads\/2025\/08\/81A2220-1-768x512.jpg 768w\" sizes=\"auto, (max-width: 1024px) 100vw, 1024px\" \/><button\n\t\t\tclass=\"lightbox-trigger\"\n\t\t\ttype=\"button\"\n\t\t\taria-haspopup=\"dialog\"\n\t\t\taria-label=\"Agrandir\"\n\t\t\tdata-wp-init=\"callbacks.initTriggerButton\"\n\t\t\tdata-wp-on--click=\"actions.showLightbox\"\n\t\t\tdata-wp-style--right=\"state.imageButtonRight\"\n\t\t\tdata-wp-style--top=\"state.imageButtonTop\"\n\t\t>\n\t\t\t<svg xmlns=\"http:\/\/www.w3.org\/2000\/svg\" width=\"12\" height=\"12\" fill=\"none\" viewBox=\"0 0 12 12\">\n\t\t\t\t<path fill=\"#fff\" d=\"M2 0a2 2 0 0 0-2 2v2h1.5V2a.5.5 0 0 1 .5-.5h2V0H2Zm2 10.5H2a.5.5 0 0 1-.5-.5V8H0v2a2 2 0 0 0 2 2h2v-1.5ZM8 12v-1.5h2a.5.5 0 0 0 .5-.5V8H12v2a2 2 0 0 1-2 2H8Zm2-12a2 2 0 0 1 2 2v2h-1.5V2a.5.5 0 0 0-.5-.5H8V0h2Z\" \/>\n\t\t\t<\/svg>\n\t\t<\/button><\/figure>\n<\/figure>\n\n\n\n<p>Sous la direction de <strong>Daniel Reuss<\/strong>, ce ch\u0153ur d\u00e9j\u00e0 acclam\u00e9 lors des Choralies en 2019, a eu le privil\u00e8ge, cette ann\u00e9e, de pr\u00e9senter le concert d\u2019ouverture du festival.<\/p>\n\n\n\n<p>Fond\u00e9 en 1989, le World Youth Choir (WYC) est un ensemble vocal international qui rassemble chaque ann\u00e9e entre 40 et 60 jeunes chanteurs de haut niveau, s\u00e9lectionn\u00e9s dans le monde entier.<\/p>\n\n\n\n<p>Intrigu\u00e9 par cette touche r\u00e9gionale dans la d\u00e9l\u00e9gation fran\u00e7aise, nous avons enqu\u00eat\u00e9 et retrouv\u00e9 la trace de notre alsacienne.<\/p>\n\n\n\n<div class=\"wp-block-media-text is-stacked-on-mobile\" style=\"grid-template-columns:33% auto\"><figure class=\"wp-block-media-text__media\"><img loading=\"lazy\" decoding=\"async\" width=\"1737\" height=\"2560\" src=\"https:\/\/acj-alsace.fr\/wp-content\/uploads\/2025\/08\/Cecile_alsacienne-scaled.jpg\" alt=\"\" class=\"wp-image-1868 size-full\" srcset=\"https:\/\/acj-alsace.fr\/wp-content\/uploads\/2025\/08\/Cecile_alsacienne-scaled.jpg 1737w, https:\/\/acj-alsace.fr\/wp-content\/uploads\/2025\/08\/Cecile_alsacienne-204x300.jpg 204w, https:\/\/acj-alsace.fr\/wp-content\/uploads\/2025\/08\/Cecile_alsacienne-695x1024.jpg 695w, https:\/\/acj-alsace.fr\/wp-content\/uploads\/2025\/08\/Cecile_alsacienne-768x1132.jpg 768w, https:\/\/acj-alsace.fr\/wp-content\/uploads\/2025\/08\/Cecile_alsacienne-1042x1536.jpg 1042w, https:\/\/acj-alsace.fr\/wp-content\/uploads\/2025\/08\/Cecile_alsacienne-1389x2048.jpg 1389w\" sizes=\"auto, (max-width: 1737px) 100vw, 1737px\" \/><\/figure><div class=\"wp-block-media-text__content\">\n<p>Il s\u2019agit de <strong>C\u00e9cile Kretz<\/strong>, une jeune soprane de trente ans native de Pfaffenheim dans le Haut-Rhin.<\/p>\n<\/div><\/div>\n\n\n\n<p><br><strong>C\u00e9cile<\/strong>, au palmar\u00e8s d\u00e9j\u00e0 bien fourni, a d\u00e9but\u00e9&nbsp;le chant au conservatoire de Colmar avec <strong>Francis Jeser<\/strong>. Elle poursuit ses \u00e9tudes \u00e0 la facult\u00e9 de musicologie de Strasbourg et \u00e9tudie une ann\u00e9e \u00e0 l&rsquo;universit\u00e9 de Cardiff dans le cadre du programme Erasmus.<br>Au cours de cette ann\u00e9e au Pays de Galles (Royaume Uni), elle go\u00fbte au plaisir d&rsquo;\u00e9tudier \u00e0 l&rsquo;\u00e9tranger et tombe amoureuse du chant choral, tr\u00e8s pr\u00e9sent dans la culture galloise.&nbsp;<\/p>\n\n\n\n<p>A son retour elle \u00e9tudie la direction de ch\u0153ur et le chant au conservatoire de Strasbourg, dans les classes de <strong>Jean Philippe Billmann<\/strong> et de <strong>Silvana Torto<\/strong>.<\/p>\n\n\n\n<p>De 2017 \u00e0 2019, elle chante avec le World Youth Choir en Hongrie, en Europe Centrale, en Chine, au Portugal, en France ainsi qu\u2019aux Choralies en 2019.<\/p>\n\n\n\n<p>Elle int\u00e8gre \u00e0 partir de 2022 la <a href=\"https:\/\/www.facebook.com\/HfMDetmold\" target=\"_blank\" rel=\"noreferrer noopener\"><strong>Hochschule f\u00fcr Musik de Detmold<\/strong><\/a> pour pr\u00e9parer une licence en direction de ch\u0153ur et une licence en p\u00e9dagogie vocale.<br>En 2025, <strong>C\u00e9cile <\/strong>participe \u00e0 nouveau au \u00ab&nbsp;World Youth Choir&nbsp;\u00bb en tant que cheffe de pupitre des sopranes. Elle s&rsquo;occupe des r\u00e9p\u00e9titions de pupitre, des chauffes vocales, du coaching avec les solistes, et d&rsquo;activit\u00e9s extra musicale.<\/p>\n\n\n\n<p>En septembre 2025, <strong>C\u00e9cile<\/strong> int\u00e9grera l&rsquo;\u00e9quipe de la ma\u00eetrise de la cath\u00e9drale de Mayence en Allemagne en tant que p\u00e9dagogue musical. Elle assistera les deux chefs de ch\u0153ur et dispensera des cours de technique vocale aux enfants et adultes des diff\u00e9rents ch\u0153urs&nbsp;(Domchor, M\u00e4dchenkantorei et Dom Kantorei). Elle dirigera \u00e9galement deux ch\u0153urs de jeunes en milieu scolaire.<\/p>\n\n\n\n<p>Cette talentueuse Cheffe de ch\u0153ur amorce une carri\u00e8re prometteuse et \u00e0 n\u2019en pas douter, contribuera au d\u00e9veloppement de l\u2019activit\u00e9 d\u2019un chant choral de qualit\u00e9.<br>\u00c0 suivre\u2026<\/p>\n","protected":false},"excerpt":{"rendered":"<p>Du 30 juillet au 7 ao\u00fbt 2025, organis\u00e9 par l\u2019association \u00c0 C\u0153ur Joie, s\u2019est d\u00e9roul\u00e9e la 25 -\u00e8me \u00e9dition du festival triennale international de chant choral \u00e0 Vaison la Romaine dans le Vaucluse. Trente-six nationalit\u00e9s \u00e9taient repr\u00e9sent\u00e9es parmi les quelques <a class=\"more-link\" href=\"https:\/\/acj-alsace.fr\/index.php\/2025\/08\/30\/lalsace-bien-representee-aux-choralies\/\">Continuer la lecture <span class=\"screen-reader-text\">  L&rsquo;Alsace bien repr\u00e9sent\u00e9e aux Choralies !<\/span><span class=\"meta-nav\">&rarr;<\/span><\/a><\/p>\n","protected":false},"author":1,"featured_media":1837,"comment_status":"closed","ping_status":"closed","sticky":false,"template":"","format":"standard","meta":{"_acf_changed":false,"footnotes":""},"categories":[8],"tags":[],"class_list":["post-1830","post","type-post","status-publish","format-standard","has-post-thumbnail","hentry","category-infos-acj"],"acf":[],"_links":{"self":[{"href":"https:\/\/acj-alsace.fr\/index.php\/wp-json\/wp\/v2\/posts\/1830","targetHints":{"allow":["GET"]}}],"collection":[{"href":"https:\/\/acj-alsace.fr\/index.php\/wp-json\/wp\/v2\/posts"}],"about":[{"href":"https:\/\/acj-alsace.fr\/index.php\/wp-json\/wp\/v2\/types\/post"}],"author":[{"embeddable":true,"href":"https:\/\/acj-alsace.fr\/index.php\/wp-json\/wp\/v2\/users\/1"}],"replies":[{"embeddable":true,"href":"https:\/\/acj-alsace.fr\/index.php\/wp-json\/wp\/v2\/comments?post=1830"}],"version-history":[{"count":20,"href":"https:\/\/acj-alsace.fr\/index.php\/wp-json\/wp\/v2\/posts\/1830\/revisions"}],"predecessor-version":[{"id":1884,"href":"https:\/\/acj-alsace.fr\/index.php\/wp-json\/wp\/v2\/posts\/1830\/revisions\/1884"}],"wp:featuredmedia":[{"embeddable":true,"href":"https:\/\/acj-alsace.fr\/index.php\/wp-json\/wp\/v2\/media\/1837"}],"wp:attachment":[{"href":"https:\/\/acj-alsace.fr\/index.php\/wp-json\/wp\/v2\/media?parent=1830"}],"wp:term":[{"taxonomy":"category","embeddable":true,"href":"https:\/\/acj-alsace.fr\/index.php\/wp-json\/wp\/v2\/categories?post=1830"},{"taxonomy":"post_tag","embeddable":true,"href":"https:\/\/acj-alsace.fr\/index.php\/wp-json\/wp\/v2\/tags?post=1830"}],"curies":[{"name":"wp","href":"https:\/\/api.w.org\/{rel}","templated":true}]}}