{"id":1795,"date":"2025-07-17T23:07:49","date_gmt":"2025-07-17T21:07:49","guid":{"rendered":"https:\/\/acj-alsace.fr\/?p=1795"},"modified":"2025-08-13T12:43:58","modified_gmt":"2025-08-13T10:43:58","slug":"cetait-il-y-a-40-ans","status":"publish","type":"post","link":"https:\/\/acj-alsace.fr\/index.php\/2025\/07\/17\/cetait-il-y-a-40-ans\/","title":{"rendered":"C&rsquo;\u00e9tait il y a 40 ans"},"content":{"rendered":"\n<p>C&rsquo;\u00e9tait un 17 juillet 1985, le festival Europa Cantat 9 d\u00e9marrait \u00e0 Strasbourg.<br>Plus de 200 b\u00e9n\u00e9voles alsaciens \u00e9taient mobilis\u00e9s derri\u00e8re Jean Sturm, Pr\u00e9sident d\u00e9l\u00e9gu\u00e9 g\u00e9n\u00e9ral d&rsquo;A C\u0153ur Joie Alsace et Marcel Corneloup, Pr\u00e9sident d&rsquo;A C\u0153ur Joie France de l&rsquo;\u00e9poque. Ce dernier \u00e9tait \u00e9galement Pr\u00e9sident de la F\u00e9d\u00e9ration Europ\u00e9enne des Jeunes Chorales, structure chapeau de l&rsquo;\u00e9v\u00e8nement.<br>C&rsquo;\u00e9tait probablement l&rsquo;\u00e9v\u00e8nement d&rsquo;A C\u0153ur Joie Alsace le plus important et grandiose de toute son existence&#8230;<\/p>\n\n\n\n<p>Voici le post de Jean Sturm visible sur sa page Facebook \u00a0<a href=\"https:\/\/www.facebook.com\/JeanSturm\/\" target=\"_blank\" rel=\"noreferrer noopener\">https:\/\/www.facebook.com\/JeanSturm\/<\/a><\/p>\n\n\n\n<iframe loading=\"lazy\" src=\"https:\/\/www.facebook.com\/plugins\/post.php?href=https%3A%2F%2Fwww.facebook.com%2FJeanSturm%2Fposts%2Fpfbid0ZtWuJ4uNWbykWw7v9k2qUNDrUNXigQdo82Yks867u9qsYfzjmtz58QkiHuht86Wol&#038;show_text=true&#038;width=500\" width=\"500\" height=\"514\" style=\"border:none;overflow:hidden\" scrolling=\"no\" frameborder=\"0\" allowfullscreen=\"true\" allow=\"autoplay; clipboard-write; encrypted-media; picture-in-picture; web-share\"><\/iframe>\n\n\n\n<p><\/p>\n","protected":false},"excerpt":{"rendered":"<p>C&rsquo;\u00e9tait un 17 juillet 1985, le festival Europa Cantat 9 d\u00e9marrait \u00e0 Strasbourg.Plus de 200 b\u00e9n\u00e9voles alsaciens \u00e9taient mobilis\u00e9s derri\u00e8re Jean Sturm, Pr\u00e9sident d\u00e9l\u00e9gu\u00e9 g\u00e9n\u00e9ral d&rsquo;A C\u0153ur Joie Alsace et Marcel Corneloup, Pr\u00e9sident d&rsquo;A C\u0153ur Joie France de l&rsquo;\u00e9poque. Ce <a class=\"more-link\" href=\"https:\/\/acj-alsace.fr\/index.php\/2025\/07\/17\/cetait-il-y-a-40-ans\/\">Continuer la lecture <span class=\"screen-reader-text\">  C&rsquo;\u00e9tait il y a 40 ans<\/span><span class=\"meta-nav\">&rarr;<\/span><\/a><\/p>\n","protected":false},"author":1,"featured_media":1801,"comment_status":"closed","ping_status":"closed","sticky":false,"template":"","format":"standard","meta":{"_acf_changed":false,"footnotes":""},"categories":[8],"tags":[],"class_list":["post-1795","post","type-post","status-publish","format-standard","has-post-thumbnail","hentry","category-infos-acj"],"acf":[],"_links":{"self":[{"href":"https:\/\/acj-alsace.fr\/index.php\/wp-json\/wp\/v2\/posts\/1795","targetHints":{"allow":["GET"]}}],"collection":[{"href":"https:\/\/acj-alsace.fr\/index.php\/wp-json\/wp\/v2\/posts"}],"about":[{"href":"https:\/\/acj-alsace.fr\/index.php\/wp-json\/wp\/v2\/types\/post"}],"author":[{"embeddable":true,"href":"https:\/\/acj-alsace.fr\/index.php\/wp-json\/wp\/v2\/users\/1"}],"replies":[{"embeddable":true,"href":"https:\/\/acj-alsace.fr\/index.php\/wp-json\/wp\/v2\/comments?post=1795"}],"version-history":[{"count":5,"href":"https:\/\/acj-alsace.fr\/index.php\/wp-json\/wp\/v2\/posts\/1795\/revisions"}],"predecessor-version":[{"id":1829,"href":"https:\/\/acj-alsace.fr\/index.php\/wp-json\/wp\/v2\/posts\/1795\/revisions\/1829"}],"wp:featuredmedia":[{"embeddable":true,"href":"https:\/\/acj-alsace.fr\/index.php\/wp-json\/wp\/v2\/media\/1801"}],"wp:attachment":[{"href":"https:\/\/acj-alsace.fr\/index.php\/wp-json\/wp\/v2\/media?parent=1795"}],"wp:term":[{"taxonomy":"category","embeddable":true,"href":"https:\/\/acj-alsace.fr\/index.php\/wp-json\/wp\/v2\/categories?post=1795"},{"taxonomy":"post_tag","embeddable":true,"href":"https:\/\/acj-alsace.fr\/index.php\/wp-json\/wp\/v2\/tags?post=1795"}],"curies":[{"name":"wp","href":"https:\/\/api.w.org\/{rel}","templated":true}]}}